{"id":1441,"date":"2018-04-30T09:42:28","date_gmt":"2018-04-30T08:42:28","guid":{"rendered":"http:\/\/bcgbdc35.fr\/?p=1441"},"modified":"2019-09-09T10:27:53","modified_gmt":"2019-09-09T09:27:53","slug":"braderie-de-bourg-des-comptes-mardi-8-mai-2018","status":"publish","type":"post","link":"http:\/\/bcgbdc35.fr\/index.php\/2018\/04\/30\/braderie-de-bourg-des-comptes-mardi-8-mai-2018\/","title":{"rendered":"BRADERIE DE BOURG DES COMPTES &#8211; MARDI 8 MAI 2018"},"content":{"rendered":"<p><img loading=\"lazy\" class=\"aligncenter size-large wp-image-1442\" src=\"http:\/\/bcgbdc35.fr\/wp-content\/uploads\/2018\/04\/braderie-724x1024.png\" alt=\"braderie\" width=\"724\" height=\"1024\" srcset=\"http:\/\/bcgbdc35.fr\/wp-content\/uploads\/2018\/04\/braderie-724x1024.png 724w, http:\/\/bcgbdc35.fr\/wp-content\/uploads\/2018\/04\/braderie-212x300.png 212w, http:\/\/bcgbdc35.fr\/wp-content\/uploads\/2018\/04\/braderie-768x1086.png 768w\" sizes=\"(max-width: 724px) 100vw, 724px\" \/><\/p>\n<p>&nbsp;<\/p>\n<p style=\"text-align: center;\"><strong>La braderie est interdite aux professionnels.<\/strong><\/p>\n<p style=\"text-align: center;\"><strong>Prix du m\u00e8tre : 2\u20ac<\/strong><\/p>\n<p style=\"text-align: center;\"><strong>Pas de r\u00e9servation pr\u00e9alable.<\/strong><\/p>\n<p style=\"text-align: center;\"><strong>Informations compl\u00e9mentaires :\u00a0<\/strong><\/p>\n<p style=\"text-align: center;\"><strong>L&rsquo;installation des exposants se fera \u00e0 partir de 5H, <span style=\"text-decoration: underline;\">attention toute installation avant cet horaire pourra \u00eatre sanctionn\u00e9e par une verbalisation de la gendarmerie.<\/span><\/strong><\/p>\n<p style=\"text-align: center;\"><strong>Restauration sur place.<\/strong><\/p>\n<p style=\"text-align: center;\"><strong>Parking \u00e0 disposition.<\/strong><\/p>\n","protected":false},"excerpt":{"rendered":"<p>&nbsp; La braderie est interdite aux professionnels. Prix du m\u00e8tre : 2\u20ac Pas de r\u00e9servation pr\u00e9alable. Informations compl\u00e9mentaires :\u00a0 L&rsquo;installation des exposants se fera \u00e0 partir de 5H, attention toute installation avant cet horaire pourra \u00eatre sanctionn\u00e9e par une verbalisation de la gendarmerie. Restauration sur place. Parking \u00e0 disposition.<\/p>\n","protected":false},"author":6,"featured_media":0,"comment_status":"open","ping_status":"open","sticky":true,"template":"","format":"standard","meta":{"_monsterinsights_skip_tracking":false,"_monsterinsights_sitenote_active":false,"_monsterinsights_sitenote_note":"","_monsterinsights_sitenote_category":0},"categories":[1,40,35,32],"tags":[],"_links":{"self":[{"href":"http:\/\/bcgbdc35.fr\/index.php\/wp-json\/wp\/v2\/posts\/1441"}],"collection":[{"href":"http:\/\/bcgbdc35.fr\/index.php\/wp-json\/wp\/v2\/posts"}],"about":[{"href":"http:\/\/bcgbdc35.fr\/index.php\/wp-json\/wp\/v2\/types\/post"}],"author":[{"embeddable":true,"href":"http:\/\/bcgbdc35.fr\/index.php\/wp-json\/wp\/v2\/users\/6"}],"replies":[{"embeddable":true,"href":"http:\/\/bcgbdc35.fr\/index.php\/wp-json\/wp\/v2\/comments?post=1441"}],"version-history":[{"count":1,"href":"http:\/\/bcgbdc35.fr\/index.php\/wp-json\/wp\/v2\/posts\/1441\/revisions"}],"predecessor-version":[{"id":1443,"href":"http:\/\/bcgbdc35.fr\/index.php\/wp-json\/wp\/v2\/posts\/1441\/revisions\/1443"}],"wp:attachment":[{"href":"http:\/\/bcgbdc35.fr\/index.php\/wp-json\/wp\/v2\/media?parent=1441"}],"wp:term":[{"taxonomy":"category","embeddable":true,"href":"http:\/\/bcgbdc35.fr\/index.php\/wp-json\/wp\/v2\/categories?post=1441"},{"taxonomy":"post_tag","embeddable":true,"href":"http:\/\/bcgbdc35.fr\/index.php\/wp-json\/wp\/v2\/tags?post=1441"}],"curies":[{"name":"wp","href":"https:\/\/api.w.org\/{rel}","templated":true}]}}