{"id":1149,"date":"2016-12-10T20:30:30","date_gmt":"2016-12-10T19:30:30","guid":{"rendered":"http:\/\/bcgbdc35.fr\/?p=1149"},"modified":"2016-12-10T20:30:30","modified_gmt":"2016-12-10T19:30:30","slug":"samedi-17-decembre-journee-a-domicile-pour-la-nationale-1-2","status":"publish","type":"post","link":"https:\/\/bcgbdc35.fr\/index.php\/2016\/12\/10\/samedi-17-decembre-journee-a-domicile-pour-la-nationale-1-2\/","title":{"rendered":"Samedi 17 D\u00e9cembre \u2013 Journ\u00e9e \u00e0 domicile pour la Nationale 1 &#038; 2"},"content":{"rendered":"<h1 style=\"text-align: center;\">5\u00e8me journ\u00e9e &#8211; Nationale 1 &amp; 2<\/h1>\n<hr \/>\n<p style=\"padding-left: 90px; text-align: justify;\"><img loading=\"lazy\" class=\"aligncenter wp-image-1150 size-full\" src=\"http:\/\/bcgbdc35.fr\/wp-content\/uploads\/2016\/12\/v1-copie-1.jpg\" width=\"842\" height=\"1191\" srcset=\"https:\/\/bcgbdc35.fr\/wp-content\/uploads\/2016\/12\/v1-copie-1.jpg 842w, https:\/\/bcgbdc35.fr\/wp-content\/uploads\/2016\/12\/v1-copie-1-212x300.jpg 212w, https:\/\/bcgbdc35.fr\/wp-content\/uploads\/2016\/12\/v1-copie-1-768x1086.jpg 768w, https:\/\/bcgbdc35.fr\/wp-content\/uploads\/2016\/12\/v1-copie-1-724x1024.jpg 724w\" sizes=\"(max-width: 842px) 100vw, 842px\" \/><\/p>\n<p style=\"padding-left: 90px; text-align: justify;\">La troisi\u00e8me\u00a0journ\u00e9e\u00a0du championnat des \u00e9quipes de Nationales 1 &amp; 2 se d\u00e9roulera<\/p>\n<p style=\"padding-left: 120px; text-align: justify;\"><strong>le Samedi 17 D\u00e9cembre \u00e0 domicile, au gymnase JP Loussouarn \u00e0 Guichen<\/strong>.<\/p>\n<p style=\"padding-left: 90px; text-align: justify;\">Les matchs commenceront \u00e0<\/p>\n<p style=\"padding-left: 120px;\"><span style=\"color: #000000;\"><strong>\u2666 14h00 pour la Nationale 2<\/strong>, contre l&rsquo;\u00e9quipe de La Chapelle sur Erdre<\/span><\/p>\n<p style=\"padding-left: 120px;\"><span style=\"color: #000000;\"><strong>\u2666 17h00 pour la Nationale 1<\/strong>, oppos\u00e9e \u00e0 l&rsquo;\u00e9quipe d&rsquo;Ezanville-Ecouen.<\/span><\/p>\n<hr \/>\n<h5 style=\"padding-left: 30px; text-align: center;\"><strong><span style=\"color: #33cccc;\">Nous avons besoin de vous, supporters, pour encourager les joueurs de<br \/>\nGuichen \/ Bourg des Comptes et mettre le feu dans les tribunes !<\/span><\/strong><\/h5>\n","protected":false},"excerpt":{"rendered":"<p>5\u00e8me journ\u00e9e &#8211; Nationale 1 &amp; 2 La troisi\u00e8me\u00a0journ\u00e9e\u00a0du championnat des \u00e9quipes de Nationales 1 &amp; 2 se d\u00e9roulera le Samedi 17 D\u00e9cembre \u00e0 domicile, au gymnase JP Loussouarn \u00e0 Guichen. Les matchs commenceront \u00e0 \u2666 14h00 pour la Nationale 2, contre l&rsquo;\u00e9quipe de La Chapelle sur Erdre \u2666 17h00 pour la Nationale 1, oppos\u00e9e [&hellip;]<\/p>\n","protected":false},"author":6,"featured_media":0,"comment_status":"open","ping_status":"open","sticky":true,"template":"","format":"standard","meta":{"_monsterinsights_skip_tracking":false,"_monsterinsights_sitenote_active":false,"_monsterinsights_sitenote_note":"","_monsterinsights_sitenote_category":0},"categories":[1,8,9],"tags":[],"_links":{"self":[{"href":"https:\/\/bcgbdc35.fr\/index.php\/wp-json\/wp\/v2\/posts\/1149"}],"collection":[{"href":"https:\/\/bcgbdc35.fr\/index.php\/wp-json\/wp\/v2\/posts"}],"about":[{"href":"https:\/\/bcgbdc35.fr\/index.php\/wp-json\/wp\/v2\/types\/post"}],"author":[{"embeddable":true,"href":"https:\/\/bcgbdc35.fr\/index.php\/wp-json\/wp\/v2\/users\/6"}],"replies":[{"embeddable":true,"href":"https:\/\/bcgbdc35.fr\/index.php\/wp-json\/wp\/v2\/comments?post=1149"}],"version-history":[{"count":1,"href":"https:\/\/bcgbdc35.fr\/index.php\/wp-json\/wp\/v2\/posts\/1149\/revisions"}],"predecessor-version":[{"id":1151,"href":"https:\/\/bcgbdc35.fr\/index.php\/wp-json\/wp\/v2\/posts\/1149\/revisions\/1151"}],"wp:attachment":[{"href":"https:\/\/bcgbdc35.fr\/index.php\/wp-json\/wp\/v2\/media?parent=1149"}],"wp:term":[{"taxonomy":"category","embeddable":true,"href":"https:\/\/bcgbdc35.fr\/index.php\/wp-json\/wp\/v2\/categories?post=1149"},{"taxonomy":"post_tag","embeddable":true,"href":"https:\/\/bcgbdc35.fr\/index.php\/wp-json\/wp\/v2\/tags?post=1149"}],"curies":[{"name":"wp","href":"https:\/\/api.w.org\/{rel}","templated":true}]}}