{"id":2235,"date":"2022-02-02T14:36:36","date_gmt":"2022-02-02T13:36:36","guid":{"rendered":"http:\/\/bcgbdc35.fr\/?p=2235"},"modified":"2022-02-02T14:50:52","modified_gmt":"2022-02-02T13:50:52","slug":"resume-6eme-journee-de-nationale-1-29-janvier-2022","status":"publish","type":"post","link":"https:\/\/bcgbdc35.fr\/index.php\/2022\/02\/02\/resume-6eme-journee-de-nationale-1-29-janvier-2022\/","title":{"rendered":"R\u00e9sum\u00e9 6\u00e8me journ\u00e9e de Nationale 1 &#8211; 29 janvier 2022"},"content":{"rendered":"\t\t<div data-elementor-type=\"wp-post\" data-elementor-id=\"2235\" class=\"elementor elementor-2235\" data-elementor-settings=\"[]\">\n\t\t\t\t\t\t<div class=\"elementor-inner\">\n\t\t\t\t\t\t\t<div class=\"elementor-section-wrap\">\n\t\t\t\t\t\t\t<section class=\"elementor-section elementor-top-section elementor-element elementor-element-68324cb elementor-section-boxed elementor-section-height-default elementor-section-height-default\" data-id=\"68324cb\" data-element_type=\"section\">\n\t\t\t\t\t\t<div class=\"elementor-container elementor-column-gap-default\">\n\t\t\t\t\t\t\t<div class=\"elementor-row\">\n\t\t\t\t\t<div class=\"elementor-column elementor-col-100 elementor-top-column elementor-element elementor-element-8e8fc16\" data-id=\"8e8fc16\" data-element_type=\"column\">\n\t\t\t<div class=\"elementor-column-wrap elementor-element-populated\">\n\t\t\t\t\t\t\t<div class=\"elementor-widget-wrap\">\n\t\t\t\t\t\t<div class=\"elementor-element elementor-element-47eeec5 elementor-widget elementor-widget-image\" data-id=\"47eeec5\" data-element_type=\"widget\" data-widget_type=\"image.default\">\n\t\t\t\t<div class=\"elementor-widget-container\">\n\t\t\t\t\t\t\t\t<div class=\"elementor-image\">\n\t\t\t\t\t\t\t\t\t\t\t\t<img width=\"768\" height=\"467\" src=\"https:\/\/bcgbdc35.fr\/wp-content\/uploads\/2022\/02\/272615764_332483932218157_7740491783952688535_n-768x467.jpg\" class=\"attachment-medium_large size-medium_large\" alt=\"\" loading=\"lazy\" srcset=\"https:\/\/bcgbdc35.fr\/wp-content\/uploads\/2022\/02\/272615764_332483932218157_7740491783952688535_n-768x467.jpg 768w, https:\/\/bcgbdc35.fr\/wp-content\/uploads\/2022\/02\/272615764_332483932218157_7740491783952688535_n-300x183.jpg 300w, https:\/\/bcgbdc35.fr\/wp-content\/uploads\/2022\/02\/272615764_332483932218157_7740491783952688535_n-1024x623.jpg 1024w, https:\/\/bcgbdc35.fr\/wp-content\/uploads\/2022\/02\/272615764_332483932218157_7740491783952688535_n-820x499.jpg 820w, https:\/\/bcgbdc35.fr\/wp-content\/uploads\/2022\/02\/272615764_332483932218157_7740491783952688535_n.jpg 1080w\" sizes=\"(max-width: 768px) 100vw, 768px\" \/>\t\t\t\t\t\t\t\t\t\t\t\t\t\t<\/div>\n\t\t\t\t\t\t<\/div>\n\t\t\t\t<\/div>\n\t\t\t\t\t\t<\/div>\n\t\t\t\t\t<\/div>\n\t\t<\/div>\n\t\t\t\t\t\t\t\t<\/div>\n\t\t\t\t\t<\/div>\n\t\t<\/section>\n\t\t\t\t<section class=\"elementor-section elementor-top-section elementor-element elementor-element-55727849 elementor-section-boxed elementor-section-height-default elementor-section-height-default\" data-id=\"55727849\" data-element_type=\"section\">\n\t\t\t\t\t\t<div class=\"elementor-container elementor-column-gap-default\">\n\t\t\t\t\t\t\t<div class=\"elementor-row\">\n\t\t\t\t\t<div class=\"elementor-column elementor-col-100 elementor-top-column elementor-element elementor-element-3eb65104\" data-id=\"3eb65104\" data-element_type=\"column\">\n\t\t\t<div class=\"elementor-column-wrap elementor-element-populated\">\n\t\t\t\t\t\t\t<div class=\"elementor-widget-wrap\">\n\t\t\t\t\t\t<div class=\"elementor-element elementor-element-3a1e92b1 elementor-widget elementor-widget-text-editor\" data-id=\"3a1e92b1\" data-element_type=\"widget\" data-widget_type=\"text-editor.default\">\n\t\t\t\t<div class=\"elementor-widget-container\">\n\t\t\t\t\t\t\t\t<div class=\"elementor-text-editor elementor-clearfix\">\n\t\t\t\t<!-- wp:paragraph {\"style\":{\"typography\":{\"fontSize\":\"18px\"}}} -->\n<p style=\"font-size:18px\">&nbsp;Retour sur la 6i\u00e8me journ\u00e9e d\u2019interclub de notre \u00e9quipe de nationale 1 contre Cr\u00e9teil:<\/p>\n<!-- \/wp:paragraph -->\n\n<!-- wp:paragraph -->\n<p>L&rsquo;effectif de l&rsquo;\u00e9quipe:<\/p>\n<!-- \/wp:paragraph -->\n\n<!-- wp:list -->\n<ul><li>Filles: Youna Lavenant\/ St\u00e9phanie Cloarec\/ A\u00efnoa Desmons<\/li><\/ul>\n<!-- \/wp:list -->\n\n<!-- wp:list -->\n<ul><li>Gar\u00e7ons: Amaury Li\u00e8vre\/ Matt\u00e9o Justel\/ Tino Daoudal<\/li><\/ul>\n<!-- \/wp:list -->\n\n<!-- wp:paragraph -->\n<p>Premi\u00e8re journ\u00e9e de la phase retour de la saison, Cr\u00e9teil est une \u00e9quipe de bas de tableau contre laquelle on s\u2019est inclin\u00e9 lors de la phase aller sur le score de 5 \u00e0 3. Nous \u00e9tions d\u00e9termin\u00e9s pour prendre notre revanche!&nbsp;<\/p>\n<!-- \/wp:paragraph -->\n\n<!-- wp:paragraph -->\n<p>Cr\u00e9teil nous donne un avantage des le d\u00e9but en arrivant avec seulement 2 filles. La rencontre d\u00e9bute donc sur le score de 1 \u00e0 0 pour Guiche Bourdec avec une victoire par forfait en double dame.<\/p>\n<!-- \/wp:paragraph -->\n\n<!-- wp:paragraph -->\n<p> La rencontre commence par les deux mixtes, le mixte 2 gagne en deux sets mais le mixte 1 s\u2019incline en trois sets apr\u00e8s un match tr\u00e8s disput\u00e9.<\/p>\n<!-- \/wp:paragraph -->\n\n<!-- wp:paragraph -->\n<p>&nbsp;Guichen m\u00e8ne d\u00e9sormais 2-1!<\/p>\n<!-- \/wp:paragraph -->\n\n<!-- wp:paragraph -->\n<p>Place au simple, comme depuis le d\u00e9but de saison les gars assurent et remportent leur match en 2 sets assez facilement. On continue sur la bonne lanc\u00e9e avec la victoire du simple dame 2 de Steph qui l\u2019emporte en 2 sets avec en bonus un petit Mcdo pour les connaisseurs \ud83d\ude09&nbsp;<\/p>\n<!-- \/wp:paragraph -->\n\n<!-- wp:paragraph -->\n<p>Guichen assure d\u00e9j\u00e0 la victoire en menant sur le score de 5 \u00e0 1 \ud83d\ude00<\/p>\n<!-- \/wp:paragraph -->\n\n<!-- wp:paragraph -->\n<p>Youna perd en 2 sets ne pouvant d\u00e9fendre pleinement ses chances \u00e0&nbsp; cause d\u2019une g\u00eane au niveau de la cheville. Apr\u00e8s des matchs \u00e0 sens unique, notre jeune paire de double fait monter l\u2019ambiance avec une victoire en 3 sets sur le score de 23-21\/22-24\/21-15 !<\/p>\n<!-- \/wp:paragraph -->\n\n<!-- wp:paragraph -->\n<p>La rencontre se termine donc par la victoire de Guichen Bourg des Comptes sur le score de 6 \u00e0 2. La prochaine rencontre aura lieu le 12 f\u00e9vrier contre le club d\u2019Union Saint Bruno (Bordeaux) \u00e0 l&rsquo;ext\u00e9rieur. C\u2019est un match difficile qui s\u2019annonce de part leur premi\u00e8re place au classement mais nous avons pour objectifs d\u2019aller chercher le nul chez eux !<\/p>\n<!-- \/wp:paragraph -->\n\n<!-- wp:paragraph -->\n<p># Guichen Bourdec TOGETHER Guichen Bourdec FOREVER<\/p>\n<!-- \/wp:paragraph -->\t\t\t\t\t<\/div>\n\t\t\t\t\t\t<\/div>\n\t\t\t\t<\/div>\n\t\t\t\t\t\t<\/div>\n\t\t\t\t\t<\/div>\n\t\t<\/div>\n\t\t\t\t\t\t\t\t<\/div>\n\t\t\t\t\t<\/div>\n\t\t<\/section>\n\t\t\t\t\t\t<\/div>\n\t\t\t\t\t\t<\/div>\n\t\t\t\t\t<\/div>\n\t\t","protected":false},"excerpt":{"rendered":"<p>&nbsp;Retour sur la 6i\u00e8me journ\u00e9e d\u2019interclub de notre \u00e9quipe de nationale 1 contre Cr\u00e9teil: L&rsquo;effectif de l&rsquo;\u00e9quipe: Filles: Youna Lavenant\/ St\u00e9phanie Cloarec\/ A\u00efnoa Desmons Gar\u00e7ons: Amaury Li\u00e8vre\/ Matt\u00e9o Justel\/ Tino Daoudal Premi\u00e8re journ\u00e9e de la phase retour de la saison, Cr\u00e9teil est une \u00e9quipe de bas de tableau contre laquelle on s\u2019est inclin\u00e9 lors de [&hellip;]<\/p>\n","protected":false},"author":11,"featured_media":2243,"comment_status":"open","ping_status":"open","sticky":false,"template":"","format":"standard","meta":{"_monsterinsights_skip_tracking":false,"_monsterinsights_sitenote_active":false,"_monsterinsights_sitenote_note":"","_monsterinsights_sitenote_category":0},"categories":[1],"tags":[],"_links":{"self":[{"href":"https:\/\/bcgbdc35.fr\/index.php\/wp-json\/wp\/v2\/posts\/2235"}],"collection":[{"href":"https:\/\/bcgbdc35.fr\/index.php\/wp-json\/wp\/v2\/posts"}],"about":[{"href":"https:\/\/bcgbdc35.fr\/index.php\/wp-json\/wp\/v2\/types\/post"}],"author":[{"embeddable":true,"href":"https:\/\/bcgbdc35.fr\/index.php\/wp-json\/wp\/v2\/users\/11"}],"replies":[{"embeddable":true,"href":"https:\/\/bcgbdc35.fr\/index.php\/wp-json\/wp\/v2\/comments?post=2235"}],"version-history":[{"count":6,"href":"https:\/\/bcgbdc35.fr\/index.php\/wp-json\/wp\/v2\/posts\/2235\/revisions"}],"predecessor-version":[{"id":2245,"href":"https:\/\/bcgbdc35.fr\/index.php\/wp-json\/wp\/v2\/posts\/2235\/revisions\/2245"}],"wp:featuredmedia":[{"embeddable":true,"href":"https:\/\/bcgbdc35.fr\/index.php\/wp-json\/wp\/v2\/media\/2243"}],"wp:attachment":[{"href":"https:\/\/bcgbdc35.fr\/index.php\/wp-json\/wp\/v2\/media?parent=2235"}],"wp:term":[{"taxonomy":"category","embeddable":true,"href":"https:\/\/bcgbdc35.fr\/index.php\/wp-json\/wp\/v2\/categories?post=2235"},{"taxonomy":"post_tag","embeddable":true,"href":"https:\/\/bcgbdc35.fr\/index.php\/wp-json\/wp\/v2\/tags?post=2235"}],"curies":[{"name":"wp","href":"https:\/\/api.w.org\/{rel}","templated":true}]}}