{"id":594,"date":"2016-06-14T13:32:51","date_gmt":"2016-06-14T12:32:51","guid":{"rendered":"http:\/\/bcgbdc35.fr\/?p=594"},"modified":"2016-08-29T19:33:17","modified_gmt":"2016-08-29T18:33:17","slug":"nationales","status":"publish","type":"post","link":"https:\/\/bcgbdc35.fr\/index.php\/2016\/06\/14\/nationales\/","title":{"rendered":"Nationales"},"content":{"rendered":"<h1 style=\"text-align: center;\">Nationale 1<\/h1>\n<hr \/>\n<p style=\"text-align: left;\"><img loading=\"lazy\" class=\"size-full wp-image-112\" src=\"http:\/\/bcgbdc35.fr\/wp-content\/uploads\/2016\/03\/DSC_0629.jpg\" alt=\"DSC_0629\" width=\"4288\" height=\"2848\" srcset=\"https:\/\/bcgbdc35.fr\/wp-content\/uploads\/2016\/03\/DSC_0629.jpg 4288w, https:\/\/bcgbdc35.fr\/wp-content\/uploads\/2016\/03\/DSC_0629-300x199.jpg 300w, https:\/\/bcgbdc35.fr\/wp-content\/uploads\/2016\/03\/DSC_0629-768x510.jpg 768w, https:\/\/bcgbdc35.fr\/wp-content\/uploads\/2016\/03\/DSC_0629-1024x680.jpg 1024w, https:\/\/bcgbdc35.fr\/wp-content\/uploads\/2016\/03\/DSC_0629-800x531.jpg 800w\" sizes=\"(max-width: 4288px) 100vw, 4288px\" \/><\/p>\n<p>Capitaine de l&rsquo;\u00e9quipe :\u00a0Ronan Gueguin<\/p>\n<p><em>(De gauche \u00e0 droite)<\/em> : Baptiste Azais-Davy, Meline M\u00e9taireau, Romain Flepp, Ronan Gueguin, Pascaline Lebassac, Marig Brouxel, Julie Sulmont et Thom Gicquel (qui n&rsquo;est pas sur la photo).<\/p>\n<table style=\"height: 409px;\" border=\"0\" width=\"969\">\n<tbody>\n<tr>\n<td class=\"Style61\" colspan=\"3\">Nationale 1 Poule 1<\/td>\n<\/tr>\n<tr>\n<td width=\"12\">\u00a0J 01<\/td>\n<td class=\"Style5\" width=\"137\">Grande Synthe<\/td>\n<td class=\"Style5\" width=\"131\">BCG\/BDC<\/td>\n<td class=\"Style5\" width=\"29\">4\/4<\/td>\n<\/tr>\n<tr>\n<td>\u00a0J 02<\/td>\n<td class=\"Style5\">BCG\/BDC<\/td>\n<td class=\"Style5\">Bethune<\/td>\n<td class=\"Style5\">2\/6<\/td>\n<\/tr>\n<tr>\n<td>\u00a0J 03<\/td>\n<td class=\"Style5\">Reims<\/td>\n<td class=\"Style5\">BCG\/BDC<\/td>\n<td class=\"Style5\">8\/0<\/td>\n<\/tr>\n<tr>\n<td>\u00a0J 04<\/td>\n<td class=\"Style5\">Orleans<\/td>\n<td class=\"Style5\">BCG\/BDC<\/td>\n<td class=\"Style5\">5\/3<\/td>\n<\/tr>\n<tr>\n<td>\u00a0J 05<\/td>\n<td class=\"Style5\">BCG\/BDC<\/td>\n<td class=\"Style5\">Airs sur la Lys<\/td>\n<td class=\"Style5\">\u00a02\/6<\/td>\n<\/tr>\n<tr>\n<td><\/td>\n<td class=\"Style61\" colspan=\"3\"><\/td>\n<\/tr>\n<tr>\n<td>\u00a0J 06<\/td>\n<td class=\"Style5\">BCG\/BDC<\/td>\n<td class=\"Style5\">Grande Synthe<\/td>\n<td class=\"Style5\">\u00a02\/6<\/td>\n<\/tr>\n<tr>\n<td>\u00a0J 07<\/td>\n<td class=\"Style5\" width=\"137\">Bethune<\/td>\n<td class=\"Style5\" width=\"131\">BCG\/BDC<\/td>\n<td class=\"Style5\">\u00a05\/3<\/td>\n<\/tr>\n<tr>\n<td>\u00a0J 08<\/td>\n<td class=\"Style5\">BCG\/BDC<\/td>\n<td class=\"Style5\">Reims<\/td>\n<td class=\"Style5\">\u00a04\/4<\/td>\n<\/tr>\n<tr>\n<td>\u00a0J 09<\/td>\n<td class=\"Style5\">BCG\/BDC<\/td>\n<td class=\"Style5\">Orleans<\/td>\n<td class=\"Style5\">\u00a06\/2<\/td>\n<\/tr>\n<tr>\n<td>\u00a0J 10<\/td>\n<td class=\"Style5\">Airs sur la Lys<\/td>\n<td class=\"Style5\">BCG\/BD<\/td>\n<td class=\"Style5\">\u00a05\/3<\/td>\n<\/tr>\n<\/tbody>\n<\/table>\n<h1 style=\"text-align: center;\"><\/h1>\n<h1 style=\"text-align: center;\"><\/h1>\n<h1 style=\"text-align: center;\">Nationale 3<\/h1>\n<p><img loading=\"lazy\" class=\"aligncenter size-full wp-image-113\" src=\"http:\/\/bcgbdc35.fr\/wp-content\/uploads\/2016\/03\/DSC_0710.jpg\" alt=\"DSC_0710\" width=\"4288\" height=\"2848\" srcset=\"https:\/\/bcgbdc35.fr\/wp-content\/uploads\/2016\/03\/DSC_0710.jpg 4288w, https:\/\/bcgbdc35.fr\/wp-content\/uploads\/2016\/03\/DSC_0710-300x199.jpg 300w, https:\/\/bcgbdc35.fr\/wp-content\/uploads\/2016\/03\/DSC_0710-768x510.jpg 768w, https:\/\/bcgbdc35.fr\/wp-content\/uploads\/2016\/03\/DSC_0710-1024x680.jpg 1024w, https:\/\/bcgbdc35.fr\/wp-content\/uploads\/2016\/03\/DSC_0710-800x531.jpg 800w\" sizes=\"(max-width: 4288px) 100vw, 4288px\" \/><\/p>\n<p>Capitaine de l&rsquo;\u00e9quipe :\u00a0Guillaume Rouzi\u00e8re (non pr\u00e9sent sur la photo)<\/p>\n<p><em>(De gauche \u00e0 droite en partant du haut)<\/em> : L\u00e9a Clin, Lauren Fontaine, Gw\u00e9na\u00ebl Morin, A\u00efnoa Desmons, Nathan Cazalets, Blaise Urban, Benjamin Venisse, Christian Guillorel &amp; Gaylord Pateux (qui n&rsquo;est pas sur la photo).<\/p>\n<table border=\"0\" width=\"531\">\n<tbody>\n<tr>\n<td class=\"Style6\" colspan=\"3\">Nationale 3 Poule 07<\/td>\n<\/tr>\n<tr>\n<td width=\"12\">\u00a0J 01<\/td>\n<td class=\"Style5\" width=\"137\">La chapelle<\/td>\n<td class=\"Style5\" width=\"131\">BCG\/BDC<\/td>\n<td class=\"Style5\" width=\"29\">1\/7<\/td>\n<\/tr>\n<tr>\n<td>\u00a0J 02<\/td>\n<td class=\"Style5\">BCG\/BDC<\/td>\n<td class=\"Style5\">Quimperl\u00e9<\/td>\n<td class=\"Style5\">6\/2<\/td>\n<\/tr>\n<tr>\n<td>\u00a0J 03<\/td>\n<td class=\"Style5\">BN Nantes<\/td>\n<td class=\"Style5\">BCG\/BDC<\/td>\n<td class=\"Style5\">1\/7<\/td>\n<\/tr>\n<tr>\n<td>\u00a0J 04<\/td>\n<td class=\"Style5\">Rez\u00e9<\/td>\n<td class=\"Style5\">BCG\/BDC<\/td>\n<td class=\"Style5\">0\/8<\/td>\n<\/tr>\n<tr>\n<td>\u00a0J 05<\/td>\n<td class=\"Style5\">BCG\/BDC<\/td>\n<td class=\"Style5\">Quimper<\/td>\n<td class=\"Style5\">7\/1<\/td>\n<\/tr>\n<tr>\n<td><\/td>\n<td class=\"Style6\" colspan=\"3\"><\/td>\n<\/tr>\n<tr>\n<td>\u00a0J 06<\/td>\n<td class=\"Style5\">BCG\/BDC<\/td>\n<td class=\"Style5\">La chapelle<\/td>\n<td class=\"Style5\">\u00a08\/0<\/td>\n<\/tr>\n<tr>\n<td>\u00a0J 07<\/td>\n<td class=\"Style5\" width=\"137\">Quimperl\u00e9<\/td>\n<td class=\"Style5\" width=\"131\">BCG\/BDC<\/td>\n<td class=\"Style5\">\u00a00\/8<\/td>\n<\/tr>\n<tr>\n<td>\u00a0J 08<\/td>\n<td class=\"Style5\">BCG\/BDC<\/td>\n<td class=\"Style5\">BN Nantes<\/td>\n<td class=\"Style5\">\u00a08\/0<\/td>\n<\/tr>\n<tr>\n<td>\u00a0J 09<\/td>\n<td class=\"Style5\">BCG\/BDC<\/td>\n<td class=\"Style5\">Rez\u00e9<\/td>\n<td class=\"Style5\">\u00a07\/1<\/td>\n<\/tr>\n<tr>\n<td>\u00a0J 10<\/td>\n<td class=\"Style5\">Quimper<\/td>\n<td class=\"Style5\">BCG\/BDC<\/td>\n<td class=\"Style5\">\u00a06\/2<\/td>\n<\/tr>\n<\/tbody>\n<\/table>\n","protected":false},"excerpt":{"rendered":"<p>Nationale 1 Capitaine de l&rsquo;\u00e9quipe :\u00a0Ronan Gueguin (De gauche \u00e0 droite) : Baptiste Azais-Davy, Meline M\u00e9taireau, Romain Flepp, Ronan Gueguin, Pascaline Lebassac, Marig Brouxel, Julie Sulmont et Thom Gicquel (qui n&rsquo;est pas sur la photo). Nationale 1 Poule 1 \u00a0J 01 Grande Synthe BCG\/BDC 4\/4 \u00a0J 02 BCG\/BDC Bethune 2\/6 \u00a0J 03 Reims BCG\/BDC 8\/0 [&hellip;]<\/p>\n","protected":false},"author":6,"featured_media":0,"comment_status":"open","ping_status":"open","sticky":false,"template":"","format":"standard","meta":{"_monsterinsights_skip_tracking":false,"_monsterinsights_sitenote_active":false,"_monsterinsights_sitenote_note":"","_monsterinsights_sitenote_category":0},"categories":[9],"tags":[],"_links":{"self":[{"href":"https:\/\/bcgbdc35.fr\/index.php\/wp-json\/wp\/v2\/posts\/594"}],"collection":[{"href":"https:\/\/bcgbdc35.fr\/index.php\/wp-json\/wp\/v2\/posts"}],"about":[{"href":"https:\/\/bcgbdc35.fr\/index.php\/wp-json\/wp\/v2\/types\/post"}],"author":[{"embeddable":true,"href":"https:\/\/bcgbdc35.fr\/index.php\/wp-json\/wp\/v2\/users\/6"}],"replies":[{"embeddable":true,"href":"https:\/\/bcgbdc35.fr\/index.php\/wp-json\/wp\/v2\/comments?post=594"}],"version-history":[{"count":6,"href":"https:\/\/bcgbdc35.fr\/index.php\/wp-json\/wp\/v2\/posts\/594\/revisions"}],"predecessor-version":[{"id":817,"href":"https:\/\/bcgbdc35.fr\/index.php\/wp-json\/wp\/v2\/posts\/594\/revisions\/817"}],"wp:attachment":[{"href":"https:\/\/bcgbdc35.fr\/index.php\/wp-json\/wp\/v2\/media?parent=594"}],"wp:term":[{"taxonomy":"category","embeddable":true,"href":"https:\/\/bcgbdc35.fr\/index.php\/wp-json\/wp\/v2\/categories?post=594"},{"taxonomy":"post_tag","embeddable":true,"href":"https:\/\/bcgbdc35.fr\/index.php\/wp-json\/wp\/v2\/tags?post=594"}],"curies":[{"name":"wp","href":"https:\/\/api.w.org\/{rel}","templated":true}]}}