{"id":612,"date":"2016-06-14T14:05:28","date_gmt":"2016-06-14T13:05:28","guid":{"rendered":"http:\/\/bcgbdc35.fr\/?p=612"},"modified":"2016-07-04T14:58:03","modified_gmt":"2016-07-04T13:58:03","slug":"regionales","status":"publish","type":"post","link":"https:\/\/bcgbdc35.fr\/index.php\/2016\/06\/14\/regionales\/","title":{"rendered":"R\u00e9gionales"},"content":{"rendered":"<h1 style=\"text-align: center;\">R\u00e9gionale 1<\/h1>\n<hr \/>\n<p><img loading=\"lazy\" class=\"aligncenter size-full wp-image-116\" src=\"http:\/\/bcgbdc35.fr\/wp-content\/uploads\/2016\/03\/equipe-r1.jpg\" alt=\"equipe r1\" width=\"960\" height=\"576\" srcset=\"https:\/\/bcgbdc35.fr\/wp-content\/uploads\/2016\/03\/equipe-r1.jpg 960w, https:\/\/bcgbdc35.fr\/wp-content\/uploads\/2016\/03\/equipe-r1-300x180.jpg 300w, https:\/\/bcgbdc35.fr\/wp-content\/uploads\/2016\/03\/equipe-r1-768x461.jpg 768w, https:\/\/bcgbdc35.fr\/wp-content\/uploads\/2016\/03\/equipe-r1-800x480.jpg 800w\" sizes=\"(max-width: 960px) 100vw, 960px\" \/>Capitaine de l&rsquo;\u00e9quipe: Ludivine Loup<\/p>\n<p><em>(De gauche \u00e0 droite)<\/em>: Lilian Boursier, Emma Fleury, Thomas Le Cardinal, Fran\u00e7ois Labart, Ludivine Loup, Julien Morvan, Audrey Liautard &amp; Marion Gouin (qui n&rsquo;est pas sur la photo).<\/p>\n<table style=\"height: 441px;\" border=\"0\" width=\"677\">\n<tbody>\n<tr>\n<td class=\"Style61\" colspan=\"3\">R\u00e9gionale 1<\/td>\n<\/tr>\n<tr>\n<td width=\"12\">\u00a0J 01<\/td>\n<td class=\"Style5\" width=\"137\">Ploemeur<\/td>\n<td class=\"Style5\" width=\"131\">BCG\/BDC<\/td>\n<td class=\"Style5\" width=\"29\">1\/7<\/td>\n<\/tr>\n<tr>\n<td>\u00a0J 02<\/td>\n<td class=\"Style5\">Quimperl\u00e9<\/td>\n<td class=\"Style5\">BCG\/BDC<\/td>\n<td class=\"Style5\">2\/6<\/td>\n<\/tr>\n<tr>\n<td>\u00a0J 03<\/td>\n<td class=\"Style5\">Ajoncs D&rsquo;Or BaDminton<\/td>\n<td class=\"Style5\">BCG\/BDC<\/td>\n<td class=\"Style5\">1\/7<\/td>\n<\/tr>\n<tr>\n<td>\u00a0J 04<\/td>\n<td class=\"Style5\">Saint Jacques<\/td>\n<td class=\"Style5\">BCG\/BDC<\/td>\n<td class=\"Style5\">4\/4<\/td>\n<\/tr>\n<tr>\n<td>\u00a0J 05<\/td>\n<td class=\"Style5\">FIB<\/td>\n<td class=\"Style5\">BCG\/BDC<\/td>\n<td class=\"Style5\">8\/0<\/td>\n<\/tr>\n<tr>\n<td><\/td>\n<td class=\"Style61\" colspan=\"3\"><\/td>\n<\/tr>\n<tr>\n<td>\u00a0J 06<\/td>\n<td class=\"Style5\">BCG\/BDC<\/td>\n<td class=\"Style5\">Ploemeur<\/td>\n<td class=\"Style5\">\u00a05\/3<\/td>\n<\/tr>\n<tr>\n<td>\u00a0J 07<\/td>\n<td class=\"Style5\" width=\"137\">BCG\/BDC<\/td>\n<td class=\"Style5\" width=\"131\">Quimperl\u00e9<\/td>\n<td class=\"Style5\">\u00a05\/3<\/td>\n<\/tr>\n<tr>\n<td>\u00a0J 08<\/td>\n<td class=\"Style5\">BCG\/BDC<\/td>\n<td class=\"Style5\">Ajoncs D&rsquo;Or BaDminton<\/td>\n<td class=\"Style5\">\u00a07\/1<\/td>\n<\/tr>\n<tr>\n<td>\u00a0J 09<\/td>\n<td class=\"Style5\">BCG\/BDC<\/td>\n<td class=\"Style5\">Saint Jacques<\/td>\n<td class=\"Style5\">\u00a04\/4<\/td>\n<\/tr>\n<tr>\n<td>\u00a0J 10<\/td>\n<td class=\"Style5\">BCG\/BDC<\/td>\n<td class=\"Style5\">FIB<\/td>\n<td class=\"Style5\">\u00a00\/8<\/td>\n<\/tr>\n<\/tbody>\n<\/table>\n<h1 style=\"text-align: center;\">R\u00e9gionale 3<\/h1>\n<hr \/>\n<p><img loading=\"lazy\" class=\"aligncenter size-full wp-image-117\" src=\"http:\/\/bcgbdc35.fr\/wp-content\/uploads\/2016\/03\/equipe-r3.jpg\" alt=\"equipe r3\" width=\"960\" height=\"540\" srcset=\"https:\/\/bcgbdc35.fr\/wp-content\/uploads\/2016\/03\/equipe-r3.jpg 960w, https:\/\/bcgbdc35.fr\/wp-content\/uploads\/2016\/03\/equipe-r3-300x169.jpg 300w, https:\/\/bcgbdc35.fr\/wp-content\/uploads\/2016\/03\/equipe-r3-768x432.jpg 768w, https:\/\/bcgbdc35.fr\/wp-content\/uploads\/2016\/03\/equipe-r3-800x450.jpg 800w\" sizes=\"(max-width: 960px) 100vw, 960px\" \/><\/p>\n<p>Capitaine de l&rsquo;\u00e9quipe: Marie Menant<\/p>\n<p><em>(De gauche \u00e0 droite en partant du haut)<\/em> : Guillaume Le Cardinal, Julien Le Fran\u00e7ois, Guillaume Rouzi\u00e8re, Florian Le Gal, Marine Th\u00e9audin, Erelle Marquer, Youna Lavenant.<\/p>\n<p><em>( Non pr\u00e9sent sur la photo)<\/em> Emma Urban, Marie Menant &amp; Jeremy M\u00e9taireau.<\/p>\n<table style=\"height: 441px;\" border=\"0\" width=\"677\">\n<tbody>\n<tr>\n<td class=\"Style61\" colspan=\"3\">R\u00e9gionale 3<\/td>\n<\/tr>\n<tr>\n<td width=\"12\">\u00a0J 01<\/td>\n<td class=\"Style5\" width=\"137\">Laille<\/td>\n<td class=\"Style5\" width=\"131\">BCG\/BDC<\/td>\n<td class=\"Style5\" width=\"29\">1\/7<\/td>\n<\/tr>\n<tr>\n<td>\u00a0J 02<\/td>\n<td class=\"Style5\">Foug\u00e8res<\/td>\n<td class=\"Style5\">BCG\/BDC<\/td>\n<td class=\"Style5\">0\/8<\/td>\n<\/tr>\n<tr>\n<td>\u00a0J 03<\/td>\n<td class=\"Style5\">Tregueux<\/td>\n<td class=\"Style5\">BCG\/BDC<\/td>\n<td class=\"Style5\">2\/6<\/td>\n<\/tr>\n<tr>\n<td>\u00a0J 04<\/td>\n<td class=\"Style5\">Saint\u00a0Brieuc<\/td>\n<td class=\"Style5\">BCG\/BDC<\/td>\n<td class=\"Style5\">1\/7<\/td>\n<\/tr>\n<tr>\n<td>\u00a0J 05<\/td>\n<td class=\"Style5\">Fib<\/td>\n<td class=\"Style5\">BCG\/BDC<\/td>\n<td class=\"Style5\">3\/5<\/td>\n<\/tr>\n<tr>\n<td><\/td>\n<td class=\"Style61\" colspan=\"3\"><\/td>\n<\/tr>\n<tr>\n<td>\u00a0J 06<\/td>\n<td class=\"Style5\">BCG\/BDC<\/td>\n<td class=\"Style5\">Laill\u00e9<\/td>\n<td class=\"Style5\">\u00a05\/3<\/td>\n<\/tr>\n<tr>\n<td>\u00a0J 07<\/td>\n<td class=\"Style5\" width=\"137\">BCG\/BDC<\/td>\n<td class=\"Style5\" width=\"131\">Foug\u00e8res<\/td>\n<td class=\"Style5\">\u00a05\/3<\/td>\n<\/tr>\n<tr>\n<td>\u00a0J 08<\/td>\n<td class=\"Style5\">BCG\/BDC<\/td>\n<td class=\"Style5\">Tregueux<\/td>\n<td class=\"Style5\">\u00a03\/5<\/td>\n<\/tr>\n<tr>\n<td>\u00a0J 09<\/td>\n<td class=\"Style5\">BCG\/BDC<\/td>\n<td class=\"Style5\">Saint Brieuc<\/td>\n<td class=\"Style5\">\u00a08\/0<\/td>\n<\/tr>\n<tr>\n<td>\u00a0J 10<\/td>\n<td class=\"Style5\">BCG\/BDC<\/td>\n<td class=\"Style5\">FIB<\/td>\n<td class=\"Style5\">\u00a05\/3<\/td>\n<\/tr>\n<\/tbody>\n<\/table>\n","protected":false},"excerpt":{"rendered":"<p>R\u00e9gionale 1 Capitaine de l&rsquo;\u00e9quipe: Ludivine Loup (De gauche \u00e0 droite): Lilian Boursier, Emma Fleury, Thomas Le Cardinal, Fran\u00e7ois Labart, Ludivine Loup, Julien Morvan, Audrey Liautard &amp; Marion Gouin (qui n&rsquo;est pas sur la photo). R\u00e9gionale 1 \u00a0J 01 Ploemeur BCG\/BDC 1\/7 \u00a0J 02 Quimperl\u00e9 BCG\/BDC 2\/6 \u00a0J 03 Ajoncs D&rsquo;Or BaDminton BCG\/BDC 1\/7 \u00a0J [&hellip;]<\/p>\n","protected":false},"author":6,"featured_media":0,"comment_status":"open","ping_status":"open","sticky":false,"template":"","format":"standard","meta":{"_monsterinsights_skip_tracking":false,"_monsterinsights_sitenote_active":false,"_monsterinsights_sitenote_note":"","_monsterinsights_sitenote_category":0},"categories":[10],"tags":[],"_links":{"self":[{"href":"https:\/\/bcgbdc35.fr\/index.php\/wp-json\/wp\/v2\/posts\/612"}],"collection":[{"href":"https:\/\/bcgbdc35.fr\/index.php\/wp-json\/wp\/v2\/posts"}],"about":[{"href":"https:\/\/bcgbdc35.fr\/index.php\/wp-json\/wp\/v2\/types\/post"}],"author":[{"embeddable":true,"href":"https:\/\/bcgbdc35.fr\/index.php\/wp-json\/wp\/v2\/users\/6"}],"replies":[{"embeddable":true,"href":"https:\/\/bcgbdc35.fr\/index.php\/wp-json\/wp\/v2\/comments?post=612"}],"version-history":[{"count":3,"href":"https:\/\/bcgbdc35.fr\/index.php\/wp-json\/wp\/v2\/posts\/612\/revisions"}],"predecessor-version":[{"id":765,"href":"https:\/\/bcgbdc35.fr\/index.php\/wp-json\/wp\/v2\/posts\/612\/revisions\/765"}],"wp:attachment":[{"href":"https:\/\/bcgbdc35.fr\/index.php\/wp-json\/wp\/v2\/media?parent=612"}],"wp:term":[{"taxonomy":"category","embeddable":true,"href":"https:\/\/bcgbdc35.fr\/index.php\/wp-json\/wp\/v2\/categories?post=612"},{"taxonomy":"post_tag","embeddable":true,"href":"https:\/\/bcgbdc35.fr\/index.php\/wp-json\/wp\/v2\/tags?post=612"}],"curies":[{"name":"wp","href":"https:\/\/api.w.org\/{rel}","templated":true}]}}